{"id":1956,"date":"2024-09-30T11:49:43","date_gmt":"2024-09-30T10:49:43","guid":{"rendered":"https:\/\/apecatolica.pt\/congresso2024app\/?p=1956"},"modified":"2024-10-01T11:33:12","modified_gmt":"2024-10-01T10:33:12","slug":"pedro-huerta","status":"publish","type":"post","link":"https:\/\/apecatolica.pt\/congresso2024app\/pedro-huerta\/","title":{"rendered":"Pedro Huerta"},"content":{"rendered":"<p><!--more--><\/p>\n<p>\u00c9 religioso da Ordem da Sant\u00edssima Trindade e dos Cativos, Trinit\u00e1rios, e Secret\u00e1rio-Geral das Escuelas Cat\u00f3licas (Espanha).<\/p>\n<p>\u00c9 licenciado em Filosofia e Teologia (especializa\u00e7\u00e3o em Isl\u00e3o). Na Ordem Trinit\u00e1ria desempenhou diversas responsabilidades (nos setores da educa\u00e7\u00e3o e da pastoral), Superior de comunidades e Superior Provincial, tendo sido Presidente de diversas funda\u00e7\u00f5es, designadamente, Funda\u00e7\u00e3o Projecto Hombre, de C\u00f3rdoba, Funda\u00e7\u00e3o Social Trinit\u00e1ria Prolibertas, Funda\u00e7\u00e3o Educativa Sant\u00edssima Trindade (de que tamb\u00e9m \u00e9 fundador).<\/p>\n","protected":false},"excerpt":{"rendered":"","protected":false},"author":1,"featured_media":1959,"comment_status":"closed","ping_status":"open","sticky":false,"template":"","format":"standard","meta":{"site-sidebar-layout":"default","site-content-layout":"","ast-site-content-layout":"default","site-content-style":"default","site-sidebar-style":"default","ast-global-header-display":"","ast-banner-title-visibility":"","ast-main-header-display":"","ast-hfb-above-header-display":"","ast-hfb-below-header-display":"","ast-hfb-mobile-header-display":"","site-post-title":"","ast-breadcrumbs-content":"","ast-featured-img":"","footer-sml-layout":"","theme-transparent-header-meta":"default","adv-header-id-meta":"","stick-header-meta":"default","header-above-stick-meta":"","header-main-stick-meta":"","header-below-stick-meta":"","astra-migrate-meta-layouts":"set","ast-page-background-enabled":"default","ast-page-background-meta":{"desktop":{"background-color":"var(--ast-global-color-4)","background-image":"","background-repeat":"repeat","background-position":"center center","background-size":"auto","background-attachment":"scroll","background-type":"","background-media":"","overlay-type":"","overlay-color":"","overlay-opacity":"","overlay-gradient":""},"tablet":{"background-color":"","background-image":"","background-repeat":"repeat","background-position":"center center","background-size":"auto","background-attachment":"scroll","background-type":"","background-media":"","overlay-type":"","overlay-color":"","overlay-opacity":"","overlay-gradient":""},"mobile":{"background-color":"","background-image":"","background-repeat":"repeat","background-position":"center center","background-size":"auto","background-attachment":"scroll","background-type":"","background-media":"","overlay-type":"","overlay-color":"","overlay-opacity":"","overlay-gradient":""}},"ast-content-background-meta":{"desktop":{"background-color":"var(--ast-global-color-5)","background-image":"","background-repeat":"repeat","background-position":"center center","background-size":"auto","background-attachment":"scroll","background-type":"","background-media":"","overlay-type":"","overlay-color":"","overlay-opacity":"","overlay-gradient":""},"tablet":{"background-color":"var(--ast-global-color-5)","background-image":"","background-repeat":"repeat","background-position":"center center","background-size":"auto","background-attachment":"scroll","background-type":"","background-media":"","overlay-type":"","overlay-color":"","overlay-opacity":"","overlay-gradient":""},"mobile":{"background-color":"var(--ast-global-color-5)","background-image":"","background-repeat":"repeat","background-position":"center center","background-size":"auto","background-attachment":"scroll","background-type":"","background-media":"","overlay-type":"","overlay-color":"","overlay-opacity":"","overlay-gradient":""}},"_joinchat":[],"footnotes":""},"categories":[48],"tags":[],"class_list":["post-1956","post","type-post","status-publish","format-standard","has-post-thumbnail","hentry","category-oradores"],"rttpg_featured_image_url":{"full":["https:\/\/apecatolica.pt\/congresso2024app\/wp-content\/uploads\/2024\/09\/Pedro-Huerta-Escuelas-Catolicas-1.jpg",1500,1000,false],"landscape":["https:\/\/apecatolica.pt\/congresso2024app\/wp-content\/uploads\/2024\/09\/Pedro-Huerta-Escuelas-Catolicas-1.jpg",1500,1000,false],"portraits":["https:\/\/apecatolica.pt\/congresso2024app\/wp-content\/uploads\/2024\/09\/Pedro-Huerta-Escuelas-Catolicas-1.jpg",1500,1000,false],"thumbnail":["https:\/\/apecatolica.pt\/congresso2024app\/wp-content\/uploads\/2024\/09\/Pedro-Huerta-Escuelas-Catolicas-1-150x150.jpg",150,150,true],"medium":["https:\/\/apecatolica.pt\/congresso2024app\/wp-content\/uploads\/2024\/09\/Pedro-Huerta-Escuelas-Catolicas-1-300x200.jpg",300,200,true],"large":["https:\/\/apecatolica.pt\/congresso2024app\/wp-content\/uploads\/2024\/09\/Pedro-Huerta-Escuelas-Catolicas-1-1024x683.jpg",1024,683,true],"1536x1536":["https:\/\/apecatolica.pt\/congresso2024app\/wp-content\/uploads\/2024\/09\/Pedro-Huerta-Escuelas-Catolicas-1.jpg",1500,1000,false],"2048x2048":["https:\/\/apecatolica.pt\/congresso2024app\/wp-content\/uploads\/2024\/09\/Pedro-Huerta-Escuelas-Catolicas-1.jpg",1500,1000,false],"medio":["https:\/\/apecatolica.pt\/congresso2024app\/wp-content\/uploads\/2024\/09\/Pedro-Huerta-Escuelas-Catolicas-1-400x280.jpg",400,280,true]},"rttpg_author":{"display_name":"admin1","author_link":"https:\/\/apecatolica.pt\/congresso2024app\/author\/admin1\/"},"rttpg_comment":0,"rttpg_category":"<a href=\"https:\/\/apecatolica.pt\/congresso2024app\/category\/oradores\/\" rel=\"category tag\">oradores<\/a>","rttpg_excerpt":null,"_links":{"self":[{"href":"https:\/\/apecatolica.pt\/congresso2024app\/wp-json\/wp\/v2\/posts\/1956","targetHints":{"allow":["GET"]}}],"collection":[{"href":"https:\/\/apecatolica.pt\/congresso2024app\/wp-json\/wp\/v2\/posts"}],"about":[{"href":"https:\/\/apecatolica.pt\/congresso2024app\/wp-json\/wp\/v2\/types\/post"}],"author":[{"embeddable":true,"href":"https:\/\/apecatolica.pt\/congresso2024app\/wp-json\/wp\/v2\/users\/1"}],"replies":[{"embeddable":true,"href":"https:\/\/apecatolica.pt\/congresso2024app\/wp-json\/wp\/v2\/comments?post=1956"}],"version-history":[{"count":4,"href":"https:\/\/apecatolica.pt\/congresso2024app\/wp-json\/wp\/v2\/posts\/1956\/revisions"}],"predecessor-version":[{"id":1968,"href":"https:\/\/apecatolica.pt\/congresso2024app\/wp-json\/wp\/v2\/posts\/1956\/revisions\/1968"}],"wp:featuredmedia":[{"embeddable":true,"href":"https:\/\/apecatolica.pt\/congresso2024app\/wp-json\/wp\/v2\/media\/1959"}],"wp:attachment":[{"href":"https:\/\/apecatolica.pt\/congresso2024app\/wp-json\/wp\/v2\/media?parent=1956"}],"wp:term":[{"taxonomy":"category","embeddable":true,"href":"https:\/\/apecatolica.pt\/congresso2024app\/wp-json\/wp\/v2\/categories?post=1956"},{"taxonomy":"post_tag","embeddable":true,"href":"https:\/\/apecatolica.pt\/congresso2024app\/wp-json\/wp\/v2\/tags?post=1956"}],"curies":[{"name":"wp","href":"https:\/\/api.w.org\/{rel}","templated":true}]}}